{"id":111,"date":"2020-05-04T13:13:05","date_gmt":"2020-05-04T13:13:05","guid":{"rendered":"https:\/\/www.festi-courts-cote-bleue.fr\/?p=111"},"modified":"2024-04-24T08:39:37","modified_gmt":"2024-04-24T08:39:37","slug":"notre-festival","status":"publish","type":"post","link":"https:\/\/www.festi-courts-cote-bleue.fr\/?p=111","title":{"rendered":"Notre festival"},"content":{"rendered":"\n<p>Notre association se veut l\u2019opportunit\u00e9, pour de jeunes r\u00e9alisateurs de courts m\u00e9trages&nbsp;:<\/p>\n\n\n\n<ul class=\"wp-block-list\"><li><strong><span class=\"has-inline-color has-vivid-cyan-blue-color\">De participer \u00e0 un concours<\/span><\/strong> qui commence \u00e0 avoir une bonne notori\u00e9t\u00e9 (les r\u00e9alisateurs nous adressent leurs \u0153uvres avant m\u00eame d\u2019\u00eatre inform\u00e9s sur les dates de notre prochain festival).<\/li><li><strong><span class=\"has-inline-color has-vivid-cyan-blue-color\">De voir leur travail projet\u00e9 dans de grandes et belles salles.<\/span><\/strong><\/li><li><strong><span class=\"has-inline-color has-vivid-cyan-blue-color\">D\u2019inscrire leur film et leur profil <\/span><\/strong>sur notre programme.<\/li><li><strong><span class=\"has-inline-color has-vivid-cyan-blue-color\">De para\u00eetre sur notre site internet.<\/span><\/strong><\/li><li><strong><span class=\"has-inline-color has-vivid-cyan-blue-color\">D\u2019\u00eatre \u00e9valu\u00e9 par diff\u00e9rentes personnes<\/span><\/strong> dont un jury de professionnels.<\/li><li><strong><span class=\"has-inline-color has-vivid-cyan-blue-color\">De recevoir, si leur film est retenu par les jurys, une des r\u00e9compenses<\/span><\/strong> financ\u00e9es par notre structure.<\/li><\/ul>\n\n\n\n<p>Le festival se d\u00e9roule tous les deux ans (ann\u00e9e impair).<br>C\u2019est un <strong><span class=\"has-inline-color has-vivid-red-color\">concours pour des r\u00e9alisateurs jusqu\u2019\u00e0 30 ans<\/span><\/strong>. Ces jeunes, originaires de tous pays, nous adressent leur production \u00e0 travers laquelle ils peuvent montrer leur talent et recevoir une r\u00e9compense en lien avec leur passion.<\/p>\n\n\n\n<p>En amont de la manifestation, des b\u00e9n\u00e9voles, cin\u00e9philes avertis et professionnels, visionnent tous les films re\u00e7us.<br>Ils effectuent une s\u00e9lection qui constitue le programme du festival qui est soumis \u00e0 l\u2019appr\u00e9ciation de deux jurys\u00a0: \u201c <strong><span class=\"has-inline-color has-vivid-cyan-blue-color\">jury classique<\/span><\/strong>\u201d et \u201c<strong><span class=\"has-inline-color has-vivid-cyan-blue-color\">jury jeune<\/span><\/strong>\u201d.<\/p>\n\n\n\n<p>Un public nombreux donne \u00e9galement son appr\u00e9ciation en votant pour son \u201ccoup de c\u0153ur\u201d.<\/p>\n\n\n\n<p>Le point d\u2019orgue est la projection des films retenus par notre \u00e9quipe dans la salle de cin\u00e9ma de Carry-le-Rouet capable d\u2019accueillir un large public et de garantir une qualit\u00e9 professionnelle.<\/p>\n\n\n\n<p>Des journ\u00e9es particuli\u00e8res avec un programme adapt\u00e9 sont organis\u00e9es pour <strong><span class=\"has-inline-color has-vivid-cyan-blue-color\">les scolaires de notre r\u00e9gion<\/span><\/strong>. Le court m\u00e9trage se pr\u00eate bien \u00e0 l\u2019\u00e9ducation \u00e0 l\u2019image en dehors des circuits commerciaux auxquels les jeunes sont accoutum\u00e9s. Le festival est aussi une opportunit\u00e9 de dialogues et de discussions en classe avec les professeurs.<\/p>\n\n\n\n<p>L\u2019entr\u00e9e en salle de projection est gratuite et 3 votes sont organis\u00e9s\u00a0: un par les scolaires, un par le public pr\u00e9sent, un autre par les jurys constitu\u00e9s qui \u00e9tablissent<strong><span class=\"has-inline-color has-vivid-cyan-blue-color\"> un palmar\u00e8s compos\u00e9 de plusieurs niveaux de prix<\/span><\/strong>.<\/p>\n\n\n\n<p>Le palmar\u00e8s est alors \u00e9nonc\u00e9 et les r\u00e9compenses distribu\u00e9es au cours d\u2019une c\u00e9r\u00e9monie de remise des prix en pr\u00e9sence des \u00e9lus, des sponsors, des r\u00e9alisateurs, du public.&nbsp;<\/p>\n\n\n\n<p><strong><span class=\"has-inline-color has-vivid-cyan-blue-color\">Notre festival peut constituer un tremplin pour des r\u00e9alisateurs et un atout dans leur C.V.<\/span><\/strong> comme le r\u00e9alisateur de \u00ab\u00a0Madagascar, carnet de voyage\u00a0\u00bb, Bastien Dubois, qui commence \u00e0 faire un joli parcours dans cet univers cin\u00e9matographique. Prim\u00e9 dans notre festival dans la cat\u00e9gorie \u00ab\u00a0<strong><span class=\"has-inline-color has-vivid-cyan-blue-color\">film d&rsquo;animation\u00a0\u00bb en 2010<\/span><\/strong>, il a \u00e9t\u00e9 ensuite nomin\u00e9 pour les \u00ab\u00a0<strong><span class=\"has-inline-color has-vivid-cyan-blue-color\">Oscars 2011<\/span><\/strong>\u00a0\u00bb \u00e0 Hollywood. \u00ab\u00a0Garden Party\u00a0\u00bb a \u00e9t\u00e9 r\u00e9alis\u00e9 par six camarades \u00e9tudiants de l\u2019\u00e9cole de r\u00e9alisation d\u2019Arles. Une cr\u00e9ativit\u00e9 r\u00e9compens\u00e9e par notre Festival et par une nomination aux Oscars 2018. La jeune L\u00e9a Mysius, prim\u00e9e chez nous, vient de r\u00e9aliser un long m\u00e9trage \u00ab\u00a0Ava\u00a0\u00bb s\u00e9lectionn\u00e9 et prim\u00e9 \u00e0 Cannes en 2017, dans la section \u00ab\u00a0la semaine de la critique\u00a0\u00bb. Elle est cosc\u00e9nariste avec Arnaud Desplechin du film \u00ab\u00a0les fant\u00f4mes d\u2019Isma\u00ebl\u00a0\u00bb.<\/p>\n\n\n\n<p class=\"has-text-color has-background has-very-light-gray-color has-vivid-cyan-blue-background-color\"><strong>Nul doute que ces jeunes talents vont nous passionner&nbsp;!<\/strong><\/p>\n","protected":false},"excerpt":{"rendered":"<p>Notre association se veut l\u2019opportunit\u00e9, pour de jeunes r\u00e9alisateurs de courts m\u00e9trages<\/p>\n","protected":false},"author":1,"featured_media":689,"comment_status":"closed","ping_status":"closed","sticky":false,"template":"","format":"standard","meta":{"colormag_page_container_layout":"default_layout","colormag_page_sidebar_layout":"default_layout","footnotes":""},"categories":[6],"tags":[10,12],"class_list":["post-111","post","type-post","status-publish","format-standard","has-post-thumbnail","hentry","category-association","tag-association","tag-festival"],"_links":{"self":[{"href":"https:\/\/www.festi-courts-cote-bleue.fr\/index.php?rest_route=\/wp\/v2\/posts\/111","targetHints":{"allow":["GET"]}}],"collection":[{"href":"https:\/\/www.festi-courts-cote-bleue.fr\/index.php?rest_route=\/wp\/v2\/posts"}],"about":[{"href":"https:\/\/www.festi-courts-cote-bleue.fr\/index.php?rest_route=\/wp\/v2\/types\/post"}],"author":[{"embeddable":true,"href":"https:\/\/www.festi-courts-cote-bleue.fr\/index.php?rest_route=\/wp\/v2\/users\/1"}],"replies":[{"embeddable":true,"href":"https:\/\/www.festi-courts-cote-bleue.fr\/index.php?rest_route=%2Fwp%2Fv2%2Fcomments&post=111"}],"version-history":[{"count":6,"href":"https:\/\/www.festi-courts-cote-bleue.fr\/index.php?rest_route=\/wp\/v2\/posts\/111\/revisions"}],"predecessor-version":[{"id":130,"href":"https:\/\/www.festi-courts-cote-bleue.fr\/index.php?rest_route=\/wp\/v2\/posts\/111\/revisions\/130"}],"wp:featuredmedia":[{"embeddable":true,"href":"https:\/\/www.festi-courts-cote-bleue.fr\/index.php?rest_route=\/wp\/v2\/media\/689"}],"wp:attachment":[{"href":"https:\/\/www.festi-courts-cote-bleue.fr\/index.php?rest_route=%2Fwp%2Fv2%2Fmedia&parent=111"}],"wp:term":[{"taxonomy":"category","embeddable":true,"href":"https:\/\/www.festi-courts-cote-bleue.fr\/index.php?rest_route=%2Fwp%2Fv2%2Fcategories&post=111"},{"taxonomy":"post_tag","embeddable":true,"href":"https:\/\/www.festi-courts-cote-bleue.fr\/index.php?rest_route=%2Fwp%2Fv2%2Ftags&post=111"}],"curies":[{"name":"wp","href":"https:\/\/api.w.org\/{rel}","templated":true}]}}