{"id":116,"date":"2020-05-04T13:11:38","date_gmt":"2020-05-04T13:11:38","guid":{"rendered":"https:\/\/www.festi-courts-cote-bleue.fr\/?p=116"},"modified":"2024-04-24T08:38:47","modified_gmt":"2024-04-24T08:38:47","slug":"nous-soutenir-financierement","status":"publish","type":"post","link":"https:\/\/www.festi-courts-cote-bleue.fr\/?p=116","title":{"rendered":"Nous soutenir financi\u00e8rement"},"content":{"rendered":"\n<p>Soutenir la cr\u00e9ation artistique et les productions de jeunes r\u00e9alisateurs est en soi, une motivation gratifiante.<\/p>\n\n\n\n<p>Vous pouvez, par ailleurs, y trouver un int\u00e9r\u00eat publicitaire pour votre activit\u00e9 car&nbsp;nous citons nos partenaires sur tous nos supports tant localement que lors de nos d\u00e9placements sur les diff\u00e9rentes manifestations&nbsp;:<\/p>\n\n\n\n<ul class=\"wp-block-list\"><li>Flyers et programmes que nous distribuons<\/li><li>Notre site internet<\/li><li>Objets souvenir<\/li><li>Forums auxquels nous participons<\/li><li>Articles de presse<\/li><li>Banderoles dans la ville<\/li><li>Fr\u00e9quentation importante et gros succ\u00e8s de nos projections dans les salles de cin\u00e9ma des communes impliqu\u00e9es<\/li><\/ul>\n\n\n\n<p>Il vous est \u00e9galement possible d\u2019acheter une page de publicit\u00e9 dans notre programme.<\/p>\n\n\n\n<p>NB\u00a0: notre association a le caract\u00e8re d\u2019\u201c<strong><span class=\"has-inline-color has-vivid-cyan-blue-color\">association d\u2019int\u00e9r\u00eat g\u00e9n\u00e9ral <\/span><\/strong>\u201d ce qui conf\u00e8re aux sponsors, acheteurs d\u2019espaces publicitaires et m\u00e9c\u00e8nes le b\u00e9n\u00e9fice de d\u00e9ductions fiscales en fonction de leur statuts.<\/p>\n\n\n\n<p><strong><span class=\"has-inline-color has-vivid-cyan-blue-color\">Extrait du CGI<\/span><\/strong>\u00a0: \u201c<em>pour les particuliers et les entreprises donateurs de l\u2019association\u2026 de b\u00e9n\u00e9ficier de la r\u00e9duction d\u2019imp\u00f4t vis\u00e9e aux articles 200 et 238bis du code g\u00e9n\u00e9ral des imp\u00f4ts, conform\u00e9ment aux dispositions de la loi n\u00b02003-709 du 1<sup>er<\/sup> ao\u00fbt 2003 relative au m\u00e9c\u00e9nat, aux associations et aux fondations<\/em>\u00a0\u201d<\/p>\n","protected":false},"excerpt":{"rendered":"<p>Soutenir la cr\u00e9ation artistique et les productions de jeunes r\u00e9alisateurs est en soi, une motivation gratifiante.<\/p>\n","protected":false},"author":1,"featured_media":690,"comment_status":"closed","ping_status":"closed","sticky":false,"template":"","format":"standard","meta":{"colormag_page_container_layout":"default_layout","colormag_page_sidebar_layout":"default_layout","footnotes":""},"categories":[6],"tags":[10],"class_list":["post-116","post","type-post","status-publish","format-standard","has-post-thumbnail","hentry","category-association","tag-association"],"_links":{"self":[{"href":"https:\/\/www.festi-courts-cote-bleue.fr\/index.php?rest_route=\/wp\/v2\/posts\/116","targetHints":{"allow":["GET"]}}],"collection":[{"href":"https:\/\/www.festi-courts-cote-bleue.fr\/index.php?rest_route=\/wp\/v2\/posts"}],"about":[{"href":"https:\/\/www.festi-courts-cote-bleue.fr\/index.php?rest_route=\/wp\/v2\/types\/post"}],"author":[{"embeddable":true,"href":"https:\/\/www.festi-courts-cote-bleue.fr\/index.php?rest_route=\/wp\/v2\/users\/1"}],"replies":[{"embeddable":true,"href":"https:\/\/www.festi-courts-cote-bleue.fr\/index.php?rest_route=%2Fwp%2Fv2%2Fcomments&post=116"}],"version-history":[{"count":3,"href":"https:\/\/www.festi-courts-cote-bleue.fr\/index.php?rest_route=\/wp\/v2\/posts\/116\/revisions"}],"predecessor-version":[{"id":127,"href":"https:\/\/www.festi-courts-cote-bleue.fr\/index.php?rest_route=\/wp\/v2\/posts\/116\/revisions\/127"}],"wp:featuredmedia":[{"embeddable":true,"href":"https:\/\/www.festi-courts-cote-bleue.fr\/index.php?rest_route=\/wp\/v2\/media\/690"}],"wp:attachment":[{"href":"https:\/\/www.festi-courts-cote-bleue.fr\/index.php?rest_route=%2Fwp%2Fv2%2Fmedia&parent=116"}],"wp:term":[{"taxonomy":"category","embeddable":true,"href":"https:\/\/www.festi-courts-cote-bleue.fr\/index.php?rest_route=%2Fwp%2Fv2%2Fcategories&post=116"},{"taxonomy":"post_tag","embeddable":true,"href":"https:\/\/www.festi-courts-cote-bleue.fr\/index.php?rest_route=%2Fwp%2Fv2%2Ftags&post=116"}],"curies":[{"name":"wp","href":"https:\/\/api.w.org\/{rel}","templated":true}]}}