{"id":613,"date":"2023-07-10T07:09:22","date_gmt":"2023-07-10T07:09:22","guid":{"rendered":"https:\/\/www.festi-courts-cote-bleue.fr\/?p=613"},"modified":"2023-07-10T07:12:12","modified_gmt":"2023-07-10T07:12:12","slug":"editorial-2","status":"publish","type":"post","link":"https:\/\/www.festi-courts-cote-bleue.fr\/?p=613","title":{"rendered":"\u00c9ditorial"},"content":{"rendered":"\n<p>Bient\u00f4t, \u00e0 notre grand regret, nous arriverons au terme de notre long voyage. Nous avons vu le monde, des paysages, des mers et des fleuves, des villes aussi, des gens de tous horizons, de toutes confessions et de tous caract\u00e8res.<\/p>\n\n\n\n<p>Nous avons c\u00f4toy\u00e9 la souffrance, le vertige, les coutumes, le bonheur comme l\u2019horreur. Nous avons aussi d\u00e9test\u00e9, ha\u00ef, admis la col\u00e8re et vu l\u2019amour et la mort sous les formes les plus inattendues.<\/p>\n\n\n\n<p>Nous avons pleur\u00e9, et ri. Nous sommes entr\u00e9s dans des maisons, dans des existences, vraies. Mais parfois nous avons d\u00fb contempler\u00a0: la mort comme n\u00e9cessit\u00e9 absolue, le myst\u00e8re, le Beau qui vous laisse sans voix, l\u2019amour, la guerre et, bien plus encore<\/p>\n\n\n\n<p>Notre t\u00e2che para\u00eet \u00e9l\u00e9mentaire, facile\u00a0: choisir. Mais choisir quoi, choisir qui, pour quelle raison ou quel sentiment\u00a0? Notre perspective para\u00eet simple, faire de ce \u00ab\u00a0<strong><em>Festival du court-m\u00e9trage<\/em><\/strong>\u00a0\u00bb non seulement une f\u00eate, un partage, un aiguillon face aux spectacles du monde mais aussi et surtout pr\u00e9senter, \u00e0 tous les spectateurs, de vrais <strong>r\u00e9alisateurs<\/strong>, jeunes, mais d\u00e9j\u00e0 fort talentueux.<\/p>\n\n\n\n<p>Notre association, qui existe depuis d\u00e9j\u00e0 15 ann\u00e9es, est connue, reconnue par un vrai public, amoureux du \u00ab <strong><em>7<sup>\u00e8me<\/sup> Art Court<\/em><\/strong>\u00a0\u00bb mais aussi par les \u00e9l\u00e8ves des coll\u00e8ges et des lyc\u00e9es.<\/p>\n\n\n\n<p>Notre voyage, d\u2019abord entre nous, les adh\u00e9rents de l\u2019Association, a consist\u00e9 \u00e0 visionner les \u0153uvres re\u00e7ues et \u00e0 faire des choix. Nous avons re\u00e7u 1500 films, venus de tous les points du globe. \u00a0<\/p>\n\n\n\n<p>C\u2019est l\u00e0 que notre p\u00e9riple impr\u00e9visible a d\u00e9but\u00e9\u00a0: \u00e0 la fin de chaque projection, une discussion, parfois \u00ab\u00a0anim\u00e9e\u00a0\u00bb sur notre regard, notre point de vue, nos sentiments m\u00eame. Nos d\u00e9bats, toujours respectueux de tous et de chacun, se sont construits sur un objectif\u00a0: offrir aux spectateurs du Festival\u00a0: <strong>le meilleur.<\/strong><\/p>\n\n\n\n<p>Notre s\u00e9lection, draconienne, a \u00e9t\u00e9 douloureuse. Les films \u00ab\u00a0abandonn\u00e9s\u00a0\u00bb au 2<sup>\u00e8me<\/sup> ou au 3<sup>\u00e8me<\/sup> tour ont repr\u00e9sent\u00e9 un d\u00e9chirement parfois\u00a0; mais cela a \u00e9t\u00e9 la \u00ab\u00a0r\u00e8gle\u00a0\u00bb. \u00a0<\/p>\n\n\n\n<p>Nous tenons aussi, et c\u2019est notre objectif majeur\u00a0: permettre aux jeunes r\u00e9alisateurs de 30 ans maximum d\u2019\u00eatre d\u00e9couverts pour commencer sinon poursuivre leur p\u00e9riple vers d\u2019autres r\u00e9ussites.<\/p>\n\n\n\n<p>\u00a0Nous voulons, aujourd\u2019hui, vous inviter au \u00ab\u00a0<strong><em><u>Festival du court m\u00e9trage<\/u><\/em>\u00a0<\/strong>\u00bb pour vous ouvrir les chemins du Voyage, vers le d\u00e9paysement, vers des Ailleurs insoup\u00e7onnables \u2026<\/p>\n\n\n\n<p>\u00a0Ce Festival existe et vit avec une perspective\u00a0: celle de la rencontre avec les publics pour lui offrir l\u2019\u00e9ventail des Possibles, des Inattendus, des D\u00e9routants.<\/p>\n\n\n\n<p>Nos d\u00e9couvertes doivent \u00eatre partag\u00e9es, il ne peut en \u00eatre autrement. Cela se fera les\u00a0: <em><u><strong>Vendredi 13 octobre \u00e0 19h, Samedi 14 octobre de 10h \u00e0 18h, Dimanche 15 octobre de 10h \u00e0 13h, \u00a0au cin\u00e9ma Fernandel de Carry-le-Rouet (13)<\/strong><\/u><\/em>.<\/p>\n\n\n\n<p>Bien \u00e9videmment, toutes ces s\u00e9ances seront diff\u00e9rentes et gratuites, nos propositions vous surprendront, vous interrogeront.<\/p>\n\n\n\n<p>Nous voulons partager\u00a0: une F\u00eate\u00a0; n\u2019est-ce pas l\u2019essence m\u00eame de tout Festival et celui-ci vous propose\u00a0: \u00ab\u00a0<strong><em><u>Le Tour du monde en 3 jours<\/u><\/em>\u00a0<\/strong>\u00bb \u2026 \u00a0<\/p>\n","protected":false},"excerpt":{"rendered":"<p>Bient\u00f4t, \u00e0 notre grand regret, nous arriverons au terme de notre long voyage. Nous avons vu le monde, des paysages,<\/p>\n","protected":false},"author":1,"featured_media":616,"comment_status":"closed","ping_status":"closed","sticky":false,"template":"","format":"standard","meta":{"colormag_page_container_layout":"default_layout","colormag_page_sidebar_layout":"default_layout","footnotes":""},"categories":[16,3],"tags":[],"class_list":["post-613","post","type-post","status-publish","format-standard","has-post-thumbnail","hentry","category-festival_2023","category-news"],"_links":{"self":[{"href":"https:\/\/www.festi-courts-cote-bleue.fr\/index.php?rest_route=\/wp\/v2\/posts\/613","targetHints":{"allow":["GET"]}}],"collection":[{"href":"https:\/\/www.festi-courts-cote-bleue.fr\/index.php?rest_route=\/wp\/v2\/posts"}],"about":[{"href":"https:\/\/www.festi-courts-cote-bleue.fr\/index.php?rest_route=\/wp\/v2\/types\/post"}],"author":[{"embeddable":true,"href":"https:\/\/www.festi-courts-cote-bleue.fr\/index.php?rest_route=\/wp\/v2\/users\/1"}],"replies":[{"embeddable":true,"href":"https:\/\/www.festi-courts-cote-bleue.fr\/index.php?rest_route=%2Fwp%2Fv2%2Fcomments&post=613"}],"version-history":[{"count":2,"href":"https:\/\/www.festi-courts-cote-bleue.fr\/index.php?rest_route=\/wp\/v2\/posts\/613\/revisions"}],"predecessor-version":[{"id":615,"href":"https:\/\/www.festi-courts-cote-bleue.fr\/index.php?rest_route=\/wp\/v2\/posts\/613\/revisions\/615"}],"wp:featuredmedia":[{"embeddable":true,"href":"https:\/\/www.festi-courts-cote-bleue.fr\/index.php?rest_route=\/wp\/v2\/media\/616"}],"wp:attachment":[{"href":"https:\/\/www.festi-courts-cote-bleue.fr\/index.php?rest_route=%2Fwp%2Fv2%2Fmedia&parent=613"}],"wp:term":[{"taxonomy":"category","embeddable":true,"href":"https:\/\/www.festi-courts-cote-bleue.fr\/index.php?rest_route=%2Fwp%2Fv2%2Fcategories&post=613"},{"taxonomy":"post_tag","embeddable":true,"href":"https:\/\/www.festi-courts-cote-bleue.fr\/index.php?rest_route=%2Fwp%2Fv2%2Ftags&post=613"}],"curies":[{"name":"wp","href":"https:\/\/api.w.org\/{rel}","templated":true}]}}